{"id":1,"date":"2022-06-30T10:00:00","date_gmt":"2022-06-30T10:00:00","guid":{"rendered":"https:\/\/vandad.is\/?p=1"},"modified":"2022-07-27T14:37:03","modified_gmt":"2022-07-27T14:37:03","slug":"hello-world","status":"publish","type":"post","link":"https:\/\/vandad.is\/?p=1","title":{"rendered":"Vanda\u00f0 ehf. opnar n\u00fdtt bruggh\u00fas"},"content":{"rendered":"\n<p>\u00cd dag opnar Vanda\u00f0 ehf., sem hefur fr\u00e1 \u00e1rinu 2018 framleitt og marka\u00f0ssett bj\u00f3r undir v\u00f6rumerkinu RVK Bruggf\u00e9lag (RVK Brewing Co.), n\u00fdtt bruggh\u00fas a\u00f0 Skipholti 33. F\u00e9lagi\u00f0 hefur starfr\u00e6kt bruggh\u00fas fr\u00e1 \u00e1rinu 2018 \u00ed Skipholti 31, vi\u00f0 hli\u00f0 \u00feess n\u00fdja. Me\u00f0 \u00feessu n\u00fdja bruggh\u00fasi eykst framlei\u00f0slugeta f\u00e9lagsins n\u00edfalt; \u00far 50 \u00ed 450 \u00fe\u00fasund l\u00edtra af bj\u00f3r \u00e1 \u00e1ri og ver\u00f0ur vi\u00f0 \u00fea\u00f0 4. st\u00e6rsta bruggh\u00fas landsins.<\/p>\n\n\n\n<p>\u201eN\u00e6r fr\u00e1 upphafi h\u00f6fum vi\u00f0 veri\u00f0 \u00ed vandr\u00e6\u00f0um me\u00f0 a\u00f0 framlei\u00f0a n\u00e6gilega miki\u00f0 til a\u00f0 m\u00e6ta eftirspurn. \u00cd raun m\u00e1 segja a\u00f0 vi\u00f0 h\u00f6fum veri\u00f0 a\u00f0 framlei\u00f0a umfram framlei\u00f0slugetu s\u00ed\u00f0astli\u00f0in 3 \u00e1r. Me\u00f0 \u00feessu n\u00fdja bruggh\u00fasi munum vi\u00f0 n\u00e1 a\u00f0 m\u00e6ta eftirspurn og vonandi auka hana n\u00e6stu \u00e1rin.\u201c segir Sigur\u00f0ur P\u00e9tur Snorrason, me\u00f0stofnandi, a\u00f0aleigandi og framkv\u00e6mdastj\u00f3ri f\u00e9lagsins.<\/p>\n\n\n\n<p>\u00cd bruggh\u00fasinu eru fullkomin framlei\u00f0slut\u00e6ki og \u00e1t\u00f6ppunarl\u00edna fyrir \u00e1ld\u00f3sir. \u00de\u00e1 er bruggh\u00fasi\u00f0 einnig \u00fatb\u00fai\u00f0 skilvindu fr\u00e1 \u00fe\u00fdska f\u00e9laginu GEA, fyrst \u00edslenskra sm\u00e1bruggh\u00fasa til a\u00f0 taka \u00fe\u00e1 t\u00e6kni \u00ed noktun \u00ed bj\u00f3rger\u00f0.<\/p>\n\n\n\n<p>\u201eMe\u00f0 fullkomnum framlei\u00f0slut\u00e6kjum munum vi\u00f0 n\u00e1 betri t\u00f6kum \u00e1 g\u00e6\u00f0um og framlei\u00f0sluferlum. Skilvindan og h\u00e1g\u00e6\u00f0a d\u00f3sav\u00e9l au\u00f0veldar okkur a\u00f0 koma v\u00f6runni ferskari og \u00ed jafnari g\u00e6\u00f0um til neytenda. \u00de\u00e1 eru margar n\u00fdjungar \u00e1\u00e6tla\u00f0ar, b\u00e6\u00f0i n\u00fdjar v\u00f6rur og anna\u00f0 sem tilkynnt ver\u00f0ur um \u00e1 n\u00e6stu misserum\u201c segir Sigur\u00f0ur<\/p>\n\n\n\n<p>Fr\u00e1 upphafi hefur veri\u00f0 opin l\u00edtil bruggstofa \u00ed Skipholti 31, \u00fear sem gestir geta komi\u00f0 og smakka\u00f0 \u00e1 v\u00f6rum bruggh\u00fassins. \u00cd haust mun bruggstofan f\u00e6ra sig yfir \u00ed anddyri gamla T\u00f3nab\u00ed\u00f3s, sem er \u00ed sama h\u00fasi og n\u00fdja bruggh\u00fas f\u00e9lagsins. A\u00f0 auki stendur til a\u00f0 setja \u00fear upp a\u00f0st\u00f6\u00f0u til a\u00f0 selja afur\u00f0ir bruggh\u00fassins til a\u00f0 taka me\u00f0 heim, en Al\u00feingi sam\u00feykkti n\u00fdlega l\u00f6g sem heimila sm\u00e1um bruggh\u00fasum a\u00f0 selja \u00fat afur\u00f0ir s\u00ednar \u00e1 framlei\u00f0slusta\u00f0.<\/p>\n\n\n\n<p>\u201eH\u00fasn\u00e6\u00f0i\u00f0 \u00ed gamla T\u00f3nab\u00ed\u00f3 er mj\u00f6g gl\u00e6silegt, n\u00e6rri upprunalegt fr\u00e1 mi\u00f0jum sj\u00f6unda \u00e1ratugnum. \u00dear munum vi\u00f0 skapa gott andr\u00famsloft fyrir gesti til a\u00f0 koma og nj\u00f3ta okkar v\u00f6ru e\u00f0a gr\u00edpa me\u00f0 s\u00e9r kippu til a\u00f0 nj\u00f3ta fersks bj\u00f3rs heima e\u00f0a \u00e1 fer\u00f0alagi\u201c segir Einar \u00d6rn Sigurd\u00f3rsson, hluthafi \u00ed Vanda\u00f0 ehf. og stj\u00f3rnarforma\u00f0ur f\u00e9lagsins.&nbsp;<\/p>\n\n\n\n<p>\u201e\u00dea\u00f0 voru mj\u00f6g \u00e1n\u00e6gjuleg t\u00ed\u00f0indi a\u00f0 Al\u00feingi skyldi sam\u00feykkja \u00feessa breytingu \u00e1 l\u00f6gunum. Vi\u00f0 h\u00f6fum barist fyrir \u00feessu \u00ed m\u00f6rg \u00e1r innan Samtaka \u00edslenskra handverskbruggh\u00fasa, og loksins sj\u00e1um vi\u00f0 fram \u00e1 a\u00f0 geta n\u00e1\u00f0 a\u00f0 koma v\u00f6ru okkar beint og millili\u00f0alaust \u00ed topp g\u00e6\u00f0um beint til vi\u00f0skiptavina\u201c segir Einar enn fremur.<\/p>\n\n\n\n<p>Vanda\u00f0 ehf. er n\u00fdtt nafn \u00e1 f\u00e9laginu sem \u00e1\u00f0ur h\u00e9t S.B. bruggh\u00fas ehf. Nafni\u00f0 \u201eVanda\u00f0\u201c fangar vel kjarnann \u00ed starfsemi bruggh\u00fassins; lofor\u00f0 um a\u00f0 framlei\u00f0a vanda\u00f0a v\u00f6ru me\u00f0 v\u00f6ndu\u00f0um vinnubr\u00f6g\u00f0um. Einkunnaror\u00f0 f\u00e9lagins ver\u00f0ur \u201eGr\u00ed\u00f0arlega vanda\u00f0\u201c, sem eru or\u00f0 sem Stein\u00fe\u00f3r Baldursson, einn helsti hvatama\u00f0ur a\u00f0 stofnun f\u00e9lagsins, haf\u00f0i jafnan vi\u00f0 um \u00fea\u00f0 sem hann haf\u00f0i vel\u00fe\u00f3knun \u00e1. Fyrra nafn f\u00e9lagsins var honum til hei\u00f0urs; \u00ed n\u00fdju nafni mun minning hans enn ver\u00f0a tengd f\u00e9laginu.<\/p>\n\n\n\n<p>N\u00fdtt merki f\u00e9lagsins er jafnframt kynnt, auk merkis sem pr\u00fd\u00f0a mun framlei\u00f0sluv\u00f6rur f\u00e9lagsins. \u00dea\u00f0 segir \u201eGr\u00ed\u00f0arlega vanda\u00f0\u201c og gefur fyrirheit um innihald v\u00f6runnar sem \u00fea\u00f0 er \u00e1.<\/p>\n","protected":false},"excerpt":{"rendered":"<p>\u00cd dag opnar Vanda\u00f0 ehf., sem hefur fr\u00e1 \u00e1rinu 2018 framleitt og marka\u00f0ssett bj\u00f3r undir v\u00f6rumerkinu RVK Bruggf\u00e9lag (RVK Brewing Co.), n\u00fdtt bruggh\u00fas a\u00f0 Skipholti 33. F\u00e9lagi\u00f0 hefur starfr\u00e6kt bruggh\u00fas fr\u00e1 \u00e1rinu 2018 \u00ed Skipholti 31, vi\u00f0 hli\u00f0 \u00feess n\u00fdja. Me\u00f0 \u00feessu n\u00fdja bruggh\u00fasi eykst framlei\u00f0slugeta f\u00e9lagsins n\u00edfalt; \u00far 50 \u00ed 450 \u00fe\u00fasund l\u00edtra af [&hellip;]<\/p>\n","protected":false},"author":1,"featured_media":15,"comment_status":"closed","ping_status":"open","sticky":false,"template":"","format":"standard","meta":{"footnotes":""},"categories":[1],"tags":[7,6],"_links":{"self":[{"href":"https:\/\/vandad.is\/index.php?rest_route=\/wp\/v2\/posts\/1"}],"collection":[{"href":"https:\/\/vandad.is\/index.php?rest_route=\/wp\/v2\/posts"}],"about":[{"href":"https:\/\/vandad.is\/index.php?rest_route=\/wp\/v2\/types\/post"}],"author":[{"embeddable":true,"href":"https:\/\/vandad.is\/index.php?rest_route=\/wp\/v2\/users\/1"}],"replies":[{"embeddable":true,"href":"https:\/\/vandad.is\/index.php?rest_route=%2Fwp%2Fv2%2Fcomments&post=1"}],"version-history":[{"count":2,"href":"https:\/\/vandad.is\/index.php?rest_route=\/wp\/v2\/posts\/1\/revisions"}],"predecessor-version":[{"id":62,"href":"https:\/\/vandad.is\/index.php?rest_route=\/wp\/v2\/posts\/1\/revisions\/62"}],"wp:featuredmedia":[{"embeddable":true,"href":"https:\/\/vandad.is\/index.php?rest_route=\/wp\/v2\/media\/15"}],"wp:attachment":[{"href":"https:\/\/vandad.is\/index.php?rest_route=%2Fwp%2Fv2%2Fmedia&parent=1"}],"wp:term":[{"taxonomy":"category","embeddable":true,"href":"https:\/\/vandad.is\/index.php?rest_route=%2Fwp%2Fv2%2Fcategories&post=1"},{"taxonomy":"post_tag","embeddable":true,"href":"https:\/\/vandad.is\/index.php?rest_route=%2Fwp%2Fv2%2Ftags&post=1"}],"curies":[{"name":"wp","href":"https:\/\/api.w.org\/{rel}","templated":true}]}}