{"id":84,"date":"2023-02-09T11:35:16","date_gmt":"2023-02-09T11:35:16","guid":{"rendered":"https:\/\/vandad.is\/?p=84"},"modified":"2023-02-09T12:05:32","modified_gmt":"2023-02-09T12:05:32","slug":"skor-artisan-ny-vorulina-urvalsbjora-fra-vandad-ehf","status":"publish","type":"post","link":"https:\/\/vandad.is\/?p=84","title":{"rendered":"<strong>sk\u00f6r artisan \u2013 n\u00fd v\u00f6rul\u00edna \u00farvalsbj\u00f3ra fr\u00e1 Vanda\u00f0 ehf.<\/strong>"},"content":{"rendered":"\n<figure class=\"wp-block-image size-large\"><img decoding=\"async\" loading=\"lazy\" width=\"963\" height=\"1024\" src=\"https:\/\/vandad.is\/wp-content\/uploads\/2023\/02\/skor-fjollin-frett-963x1024.jpg\" alt=\"\" class=\"wp-image-85\" srcset=\"https:\/\/vandad.is\/wp-content\/uploads\/2023\/02\/skor-fjollin-frett-963x1024.jpg 963w, https:\/\/vandad.is\/wp-content\/uploads\/2023\/02\/skor-fjollin-frett-282x300.jpg 282w, https:\/\/vandad.is\/wp-content\/uploads\/2023\/02\/skor-fjollin-frett-768x817.jpg 768w, https:\/\/vandad.is\/wp-content\/uploads\/2023\/02\/skor-fjollin-frett.jpg 1338w\" sizes=\"(max-width: 963px) 100vw, 963px\" \/><\/figure>\n\n\n\n<p>sk\u00f6r artisan&nbsp;er&nbsp;n\u00fd v\u00f6rul\u00edna&nbsp;fr\u00e1 Vanda\u00f0 ehf. sem&nbsp;s\u00e9rh\u00e6fir sig \u00ed ger\u00f0 h\u00e1g\u00e6\u00f0a \u00farvalsbj\u00f3ra fyrir kr\u00f6fuhar\u00f0a neytendur, \u201ebj\u00f3rn\u00f6rda\u201c og \u00feau sem leita uppi fl\u00f3knari og meira krefjandi bj\u00f3ra. V\u00f6rul\u00edna sk\u00f6r artisan mun innihalda humla\u00f0a bj\u00f3ra, s\u00farbj\u00f3ra, porter og stout, sem og&nbsp;a\u00f0rar s\u00e9rh\u00e6f\u00f0ar bj\u00f3rtegundir.&nbsp;<\/p>\n\n\n\n<p>\u00cd&nbsp;dag kynnir sk\u00f6r artisan&nbsp;fyrsta bj\u00f3rinn;&nbsp;<em>fj\u00f6llin hafa vaka\u00f0 \u00ed \u00fe\u00fasund sour<\/em><em>.&nbsp;<\/em>Bj\u00f3rinn&nbsp;er einstakur e\u00f0al veigur me\u00f0 lakt\u00f3sa, fylltur \u00e1vaxtakeim af bl\u00e1berjum, br\u00f3mberjum og kirsuberjum, sem og vanillu og kryddjurtum.<\/p>\n\n\n\n<p>Bj\u00f3rar sk\u00f6r artisan ver\u00f0a f\u00e1anlegir \u00e1 \u00farvals veitingast\u00f6\u00f0um og bj\u00f3rb\u00f6rum \u00e1 krana. \u00deeir koma einnig \u00ed 440 ml. d\u00f3sum sem eru hanna\u00f0ir af Laufeyju Gu\u00f0nad\u00f3ttur og sk\u00f6r artisan.<\/p>\n\n\n\n<p>Til a\u00f0 fagna \u00feessum vi\u00f0bur\u00f0i ver\u00f0ur sk\u00f6r artisan me\u00f0 frums\u00fdningu \u00e1\u00a0<em>fj\u00f6llin hafa vaka\u00f0 \u00ed \u00fe\u00fasund sour<\/em>\u00a0\u00e1 veitingasta\u00f0num Bing\u00f3 Drinkery \u00ed dag\u00a0fimmtudag\u00a09. febr\u00faar, milli 17 og 20.\u00a0\u00dear mun sk\u00f6r\u00a0artisan bj\u00f3\u00f0a gestum og gangandi upp \u00e1 a\u00f0 brag\u00f0a \u00f3keypis \u00e1 n\u00fdja bj\u00f3rnum \u00e1 me\u00f0an birg\u00f0ir endast. D\u00f3sir ver\u00f0a einnig seldar \u00e1 sta\u00f0num.<\/p>\n\n\n\n<p>sk\u00f6r artisan m\u00e1 finna \u00e1 <a href=\"http:\/\/www.facebook.com\/skor.artisan\">facebook.com\/skor.artisan<\/a> og <a href=\"http:\/\/www.instagram.com\/skor.artisan\">instagram.com\/skor.artisan<\/a><\/p>\n","protected":false},"excerpt":{"rendered":"<p>sk\u00f6r artisan&nbsp;er&nbsp;n\u00fd v\u00f6rul\u00edna&nbsp;fr\u00e1 Vanda\u00f0 ehf. sem&nbsp;s\u00e9rh\u00e6fir sig \u00ed ger\u00f0 h\u00e1g\u00e6\u00f0a \u00farvalsbj\u00f3ra fyrir kr\u00f6fuhar\u00f0a neytendur, \u201ebj\u00f3rn\u00f6rda\u201c og \u00feau sem leita uppi fl\u00f3knari og meira krefjandi bj\u00f3ra. V\u00f6rul\u00edna sk\u00f6r artisan mun innihalda humla\u00f0a bj\u00f3ra, s\u00farbj\u00f3ra, porter og stout, sem og&nbsp;a\u00f0rar s\u00e9rh\u00e6f\u00f0ar bj\u00f3rtegundir.&nbsp; \u00cd&nbsp;dag kynnir sk\u00f6r artisan&nbsp;fyrsta bj\u00f3rinn;&nbsp;fj\u00f6llin hafa vaka\u00f0 \u00ed \u00fe\u00fasund sour.&nbsp;Bj\u00f3rinn&nbsp;er einstakur e\u00f0al veigur me\u00f0 lakt\u00f3sa, [&hellip;]<\/p>\n","protected":false},"author":1,"featured_media":0,"comment_status":"open","ping_status":"open","sticky":false,"template":"","format":"standard","meta":{"footnotes":""},"categories":[1],"tags":[11],"_links":{"self":[{"href":"https:\/\/vandad.is\/index.php?rest_route=\/wp\/v2\/posts\/84"}],"collection":[{"href":"https:\/\/vandad.is\/index.php?rest_route=\/wp\/v2\/posts"}],"about":[{"href":"https:\/\/vandad.is\/index.php?rest_route=\/wp\/v2\/types\/post"}],"author":[{"embeddable":true,"href":"https:\/\/vandad.is\/index.php?rest_route=\/wp\/v2\/users\/1"}],"replies":[{"embeddable":true,"href":"https:\/\/vandad.is\/index.php?rest_route=%2Fwp%2Fv2%2Fcomments&post=84"}],"version-history":[{"count":3,"href":"https:\/\/vandad.is\/index.php?rest_route=\/wp\/v2\/posts\/84\/revisions"}],"predecessor-version":[{"id":88,"href":"https:\/\/vandad.is\/index.php?rest_route=\/wp\/v2\/posts\/84\/revisions\/88"}],"wp:attachment":[{"href":"https:\/\/vandad.is\/index.php?rest_route=%2Fwp%2Fv2%2Fmedia&parent=84"}],"wp:term":[{"taxonomy":"category","embeddable":true,"href":"https:\/\/vandad.is\/index.php?rest_route=%2Fwp%2Fv2%2Fcategories&post=84"},{"taxonomy":"post_tag","embeddable":true,"href":"https:\/\/vandad.is\/index.php?rest_route=%2Fwp%2Fv2%2Ftags&post=84"}],"curies":[{"name":"wp","href":"https:\/\/api.w.org\/{rel}","templated":true}]}}