{"id":89,"date":"2023-03-01T16:06:05","date_gmt":"2023-03-01T16:06:05","guid":{"rendered":"https:\/\/vandad.is\/?p=89"},"modified":"2023-03-01T16:06:05","modified_gmt":"2023-03-01T16:06:05","slug":"rvk-bruggfelag-tilkynnir-flutning-bruggstofu-i-tonabio","status":"publish","type":"post","link":"https:\/\/vandad.is\/?p=89","title":{"rendered":"RVK Bruggf\u00e9lag tilkynnir flutning bruggstofu \u00ed T\u00f3nab\u00ed\u00f3"},"content":{"rendered":"\n<p><\/p>\n\n\n\n<figure class=\"wp-block-image size-full\"><img decoding=\"async\" src=\"https:\/\/vandad.is\/wp-content\/uploads\/2023\/03\/RVK-i-Tonabio.jpg\" alt=\"\" class=\"wp-image-91\"\/><\/figure>\n\n\n\n<p>Vanda\u00f0 ehf. var stofna\u00f0 \u00e1 bj\u00f3rdaginn 1. mars \u00e1ri\u00f0 2017 og bruggh\u00fasi\u00f0 \u00ed Skipholti 31 h\u00f3f starfsemi 15 m\u00e1nu\u00f0um s\u00ed\u00f0ar. \u00dear hefur fr\u00e1 upphafi veri\u00f0 rekin l\u00edtil bruggstofa hvar gestir geta komi\u00f0 vi\u00f0 og smakka\u00f0 \u00e1 v\u00f6rum RVK Bruggf\u00e9lags, \u00e1samt \u00fev\u00ed a\u00f0 fr\u00e6\u00f0ast um starfsemi bruggh\u00fassins og bj\u00f3rs\u00f6gu \u00cdslands.\u00a0<\/p>\n\n\n\n<p>\u00cd dag, \u00e1 s\u00f3lskinsr\u00edkum bj\u00f3rdegi 6 \u00e1rum s\u00ed\u00f0ar, undirritu\u00f0um vi\u00f0 samning um a\u00f0 f\u00e6ra bruggstofuna okkar yfir \u00ed st\u00e6rra h\u00fasn\u00e6\u00f0i \u00ed gamla T\u00f3nab\u00ed\u00f3i \u00ed Skipholti 33, e\u00f0a Vinab\u00e6 eins og \u00fea\u00f0 h\u00e9t sl. 30 \u00e1r. \u00dear ver\u00f0ur mun r\u00fdmra um okkur; pl\u00e1ss fyrir fleiri gesti, meira \u00farval af bj\u00f3r og \u00f6\u00f0rum g\u00f3\u00f0um veigum, \u00fear ver\u00f0ur bj\u00f3rb\u00fa\u00f0 me\u00f0 v\u00f6rur f\u00e9lagsins, auk \u00feess sem vi\u00f0 \u00e6tlum a\u00f0 bj\u00f3\u00f0a upp \u00e1 kaffi og l\u00e9tt f\u00e6\u00f0i alla daga. Framkv\u00e6mdir eru a\u00f0 hefjast og stefnum vi\u00f0 \u00e1 a\u00f0 opna n\u00fdju bruggstofuna \u00ed T\u00f3nab\u00ed\u00f3i \u00e1 n\u00e6stu vikum.<\/p>\n\n\n\n<p>\u00c1 myndinni handsala Sigur\u00f0ur P. Snorrason me\u00f0stofnandi og framkv\u00e6mdastj\u00f3ri Vanda\u00f0s og Ingi Helgason hj\u00e1 LX fasteignum samstarf f\u00e9laganna \u00ed T\u00f3nab\u00ed\u00f3i.<\/p>\n\n\n\n<p><\/p>\n","protected":false},"excerpt":{"rendered":"<p>Vanda\u00f0 ehf. var stofna\u00f0 \u00e1 bj\u00f3rdaginn 1. mars \u00e1ri\u00f0 2017 og bruggh\u00fasi\u00f0 \u00ed Skipholti 31 h\u00f3f starfsemi 15 m\u00e1nu\u00f0um s\u00ed\u00f0ar. \u00dear hefur fr\u00e1 upphafi veri\u00f0 rekin l\u00edtil bruggstofa hvar gestir geta komi\u00f0 vi\u00f0 og smakka\u00f0 \u00e1 v\u00f6rum RVK Bruggf\u00e9lags, \u00e1samt \u00fev\u00ed a\u00f0 fr\u00e6\u00f0ast um starfsemi bruggh\u00fassins og bj\u00f3rs\u00f6gu \u00cdslands.\u00a0 \u00cd dag, \u00e1 s\u00f3lskinsr\u00edkum bj\u00f3rdegi 6 [&hellip;]<\/p>\n","protected":false},"author":1,"featured_media":0,"comment_status":"open","ping_status":"open","sticky":false,"template":"","format":"standard","meta":{"footnotes":""},"categories":[1],"tags":[],"_links":{"self":[{"href":"https:\/\/vandad.is\/index.php?rest_route=\/wp\/v2\/posts\/89"}],"collection":[{"href":"https:\/\/vandad.is\/index.php?rest_route=\/wp\/v2\/posts"}],"about":[{"href":"https:\/\/vandad.is\/index.php?rest_route=\/wp\/v2\/types\/post"}],"author":[{"embeddable":true,"href":"https:\/\/vandad.is\/index.php?rest_route=\/wp\/v2\/users\/1"}],"replies":[{"embeddable":true,"href":"https:\/\/vandad.is\/index.php?rest_route=%2Fwp%2Fv2%2Fcomments&post=89"}],"version-history":[{"count":2,"href":"https:\/\/vandad.is\/index.php?rest_route=\/wp\/v2\/posts\/89\/revisions"}],"predecessor-version":[{"id":93,"href":"https:\/\/vandad.is\/index.php?rest_route=\/wp\/v2\/posts\/89\/revisions\/93"}],"wp:attachment":[{"href":"https:\/\/vandad.is\/index.php?rest_route=%2Fwp%2Fv2%2Fmedia&parent=89"}],"wp:term":[{"taxonomy":"category","embeddable":true,"href":"https:\/\/vandad.is\/index.php?rest_route=%2Fwp%2Fv2%2Fcategories&post=89"},{"taxonomy":"post_tag","embeddable":true,"href":"https:\/\/vandad.is\/index.php?rest_route=%2Fwp%2Fv2%2Ftags&post=89"}],"curies":[{"name":"wp","href":"https:\/\/api.w.org\/{rel}","templated":true}]}}